{"id":652,"date":"2017-05-05T12:14:00","date_gmt":"2017-05-05T12:14:00","guid":{"rendered":"https:\/\/oeb-vandvaerk.dk\/?p=652"},"modified":"2025-01-31T12:15:48","modified_gmt":"2025-01-31T12:15:48","slug":"beretning-fra-vandvaerkets-generalforsamling-den-25-april-2017","status":"publish","type":"post","link":"https:\/\/oeb-vandvaerk.dk\/index.php\/2017\/05\/05\/beretning-fra-vandvaerkets-generalforsamling-den-25-april-2017\/","title":{"rendered":"Beretning fra vandv\u00e6rkets generalforsamling den 25. april 2017"},"content":{"rendered":"\n<ol class=\"wp-block-list\">\n<li>S\u00f8ren Lauritsen blev valgt som dirigent til GF<\/li>\n\n\n\n<li>Alfred M\u00f8ller aflagde bestyrelsens beretning som f\u00f8lger:<\/li>\n<\/ol>\n\n\n\n<p><em>\u00d8ster Br\u00f8nderslev den 5. maj 2017<\/em><\/p>\n\n\n\n<p><strong>Ordin\u00e6r generalforsamling 2017<\/strong><\/p>\n\n\n\n<p><strong>Bestyrelsens beretning for 2016<\/strong><\/p>\n\n\n\n<p>Nye forbrugere i 2016, der er tilsluttet 2, til i alt 569 forbrugere.<\/p>\n\n\n\n<p>Bestyrelsesarbejde: Der er afholdt 4 bestyrelsesm\u00f8der, bestyrelsen har deltaget i DV generalforsamling i Rebild, formanden i \u00d8B V. er ogs\u00e5 formand for vandr\u00e5det Br\u00f8nderslev Kommune og har her deltaget i en del m\u00f8der bestyrelsen har deltaget i vandr\u00e5dets \u00e5rsm\u00f8de, formanden har deltaget i Regionsvandr\u00e5dsm\u00f8de i \u00c5bybro, bestyrelsen har v\u00e6ret p\u00e5 virksomhedsbes\u00f8g (Kamstrup m\u00e5lerfabrik, samt Silhorco ). Formanden har deltaget i koordinationsforum Br\u00f8nderslev Kommune, det var den 21. marts. ( opl\u00e6se referat ). Alfred &amp; Olfert M\u00f8de med Henrik\/Palle Vand &amp; milj\u00f8chef. Omkring etablering af nyt vandv\u00e6rk i Nibstrup omr\u00e5det. ( opl\u00e6se referat ).<\/p>\n\n\n\n<p>Der er solgt 103492 m3 til forbrugerne 538 m3 til Hallund vandv\u00e6rk ved n\u00f8dforbindelse. Filterskyld 2031 m3. Der er ikke nogen vandspild.<\/p>\n\n\n\n<p>Den 02-07 var der \u00e5ben hus vedr\u00f8rende ny velf\u00e6rdsbygning lager rum, det var p\u00e6nt bes\u00f8gt, hvor der var rundvisning p\u00e5 vandv\u00e6rket.<\/p>\n\n\n\n<p>Analyse kontrol: Disse kontrol punkter er bestemt af Kommunen<\/p>\n\n\n\n<p>Normal kontrol p\u00e5 vandv\u00e6rket 1 i nov.<\/p>\n\n\n\n<p>Udvidet kontrol + radioaktivitet p\u00e5 vandv. 1 i marts<\/p>\n\n\n\n<p>Organisk mikro forurening 1 i nov.<\/p>\n\n\n\n<p>Begr\u00e6nset kontrol ledningsnettet 1i maj og 1 i sept.<\/p>\n\n\n\n<p>Alle analyseresultater ligger indenfor anf\u00f8rte min.\/max kravv\u00e6rdier, alle resultater kan ses inde p\u00e5 vandv\u00e6rkets hjemmeside&nbsp;<a href=\"https:\/\/www.oeb-vandvaerk.dk\/\">www.oeb-vandvaerk.dk<\/a><\/p>\n\n\n\n<p>Der har v\u00e6ret nogle vandbrud p\u00e5 Broengen det sker altid p\u00e5 ubelejligt tidspunkt s\u00f8ndag eller aften.<\/p>\n\n\n\n<p>Bestyrelsen har besluttet at udskifte de resterende stophaner med m\u00e5lerbr\u00f8nde, ligeledes har bestyrelsen vedtaget at udskifte ledningsnet til ejendommene ud af Poldervej.<\/p>\n\n\n\n<p>Regnskab \u00e5rets resultat er 220,960 kr. vandprisen er fortsat den samme der lagt indeks p\u00e5 1,27 % p\u00e5 nyetablering. Afgiftssats 6,25 kr. pr. m3.<\/p>\n\n\n\n<p>Vandv\u00e6rket anbefaler forbrugerne at kontrollere vand installationen for ut\u00e6theder ved at lukke for alle haner, se efter at m\u00e5lerhjulet st\u00e5r helt stille, g\u00f8r det ikke det er der ut\u00e6thed i installationen, evt. toilet som l\u00f8ber, g\u00f8r dette en gang imellem m\u00e5ske som rutine. Ligeledes anbefales det at orientere sig om hvor stophanen befinder sig, det er for sent n\u00e5r man pludselig st\u00e5r og skal lukke for vandet, det er ikke alle der har stophane, men s\u00e5 er der en m\u00e5lerbr\u00f8nd hvor der kan lukkes for vandet.<\/p>\n\n\n\n<p>Der var udover dagsorden debat om Br\u00f8nderslev forsynings henvendelse til os om at blive fusioneret med dem. Formand Alfred M\u00f8ller gav en orientering herom og det er vigtigt at pointere at det udelukkende var en orientering da vandv\u00e6rkets bestyrelse p.t. slet ikke har planer om nogen som helst fusion men til geng\u00e6ld agter at k\u00f8re vores gode og solide vandv\u00e6rk videre som lokal og selvst\u00e6ndig vandv\u00e6rk.<\/p>\n\n\n\n<p>Der har i pressen ogs\u00e5 v\u00e6ret skrevet en del herom og vandv\u00e6rket opfordrer alle medlemmer til at f\u00f8lge med i udvikling herom f.eks. \u00d8.Br\u00f8nderslev vandv\u00e6rks indsats planer &nbsp;( vi er det f\u00f8rste i kommunen der starter op) &nbsp;b\u00e5de i aviser og ogs\u00e5 her p\u00e5 vores hjemmeside.<\/p>\n\n\n\n<p>3) Vandv\u00e6rkets regnskab blev fremlagt og godkendt af generalforsamlingen. Alle medlemmer der var fremm\u00f8dt fik hele regnskabet udleveret.<\/p>\n\n\n\n<p>4) Budget blev g\u00e5et igennem og godkendt.<\/p>\n\n\n\n<p>5) Indkomne forslag: &nbsp;Der var ikke indg\u00e5et nogen.<\/p>\n\n\n\n<p>6) Valg af medlemmer: P\u00e5 valg var: &nbsp;Olfert Larsen og S\u00f8ren Kimer \u2013 de var begge villige til genvalg og de blev hermed valgt.<\/p>\n\n\n\n<p>7) Valg af suppleanter: &nbsp;Der var genvalg til: 1) Anders Larsen og 2) Henrik Rasmussen<\/p>\n\n\n\n<p>8) Valg af revisor: &nbsp;Ole Jensen blev genvalgt ( Knud Erik S\u00f8rensen er ogs\u00e5 revisor , men ikke p\u00e5 valg i \u00e5r)<\/p>\n\n\n\n<p>9) Valg af revisor suppleant: &nbsp;Kurt Christiansen blev genvalgt her.<\/p>\n\n\n\n<p>10) Evt: &nbsp;Her var der igen l\u00f8s snak om Br\u00f8nderslev Forsynings henvendelse til os.<\/p>\n\n\n\n<p>Referent: &nbsp;Poul Erik Jensen<\/p>\n\n\n\n<p><\/p>\n","protected":false},"excerpt":{"rendered":"<p>\u00d8ster Br\u00f8nderslev den 5. maj 2017 Ordin\u00e6r generalforsamling 2017 Bestyrelsens beretning for 2016 Nye forbrugere i 2016, der er tilsluttet 2, til i alt 569 forbrugere. Bestyrelsesarbejde: Der er afholdt 4 bestyrelsesm\u00f8der, bestyrelsen har deltaget i DV generalforsamling i Rebild, formanden i \u00d8B V. er ogs\u00e5 formand for vandr\u00e5det Br\u00f8nderslev Kommune og har her deltaget [&hellip;]<\/p>\n","protected":false},"author":1,"featured_media":0,"comment_status":"open","ping_status":"open","sticky":false,"template":"","format":"standard","meta":{"footnotes":""},"categories":[3],"tags":[4],"table_tags":[],"class_list":["post-652","post","type-post","status-publish","format-standard","hentry","category-seneste-nyt","tag-referat-fra-generalforsamling"],"_links":{"self":[{"href":"https:\/\/oeb-vandvaerk.dk\/index.php\/wp-json\/wp\/v2\/posts\/652","targetHints":{"allow":["GET"]}}],"collection":[{"href":"https:\/\/oeb-vandvaerk.dk\/index.php\/wp-json\/wp\/v2\/posts"}],"about":[{"href":"https:\/\/oeb-vandvaerk.dk\/index.php\/wp-json\/wp\/v2\/types\/post"}],"author":[{"embeddable":true,"href":"https:\/\/oeb-vandvaerk.dk\/index.php\/wp-json\/wp\/v2\/users\/1"}],"replies":[{"embeddable":true,"href":"https:\/\/oeb-vandvaerk.dk\/index.php\/wp-json\/wp\/v2\/comments?post=652"}],"version-history":[{"count":0,"href":"https:\/\/oeb-vandvaerk.dk\/index.php\/wp-json\/wp\/v2\/posts\/652\/revisions"}],"wp:attachment":[{"href":"https:\/\/oeb-vandvaerk.dk\/index.php\/wp-json\/wp\/v2\/media?parent=652"}],"wp:term":[{"taxonomy":"category","embeddable":true,"href":"https:\/\/oeb-vandvaerk.dk\/index.php\/wp-json\/wp\/v2\/categories?post=652"},{"taxonomy":"post_tag","embeddable":true,"href":"https:\/\/oeb-vandvaerk.dk\/index.php\/wp-json\/wp\/v2\/tags?post=652"},{"taxonomy":"table_tags","embeddable":true,"href":"https:\/\/oeb-vandvaerk.dk\/index.php\/wp-json\/wp\/v2\/table_tags?post=652"}],"curies":[{"name":"wp","href":"https:\/\/api.w.org\/{rel}","templated":true}]}}