{"id":803,"date":"2025-03-18T11:21:42","date_gmt":"2025-03-18T11:21:42","guid":{"rendered":"https:\/\/oeb-vandvaerk.dk\/?p=803"},"modified":"2025-03-18T11:21:42","modified_gmt":"2025-03-18T11:21:42","slug":"indkaldelse-til-generalforsamling-2025","status":"publish","type":"post","link":"https:\/\/oeb-vandvaerk.dk\/index.php\/2025\/03\/18\/indkaldelse-til-generalforsamling-2025\/","title":{"rendered":"Indkaldelse til Generalforsamling 2025"},"content":{"rendered":"\n<p>\u00d8ster Br\u00f8nderslev Vandv\u00e6rk amba.<\/p>\n\n\n\n<p>afholder ordin\u00e6r generalforsamling<\/p>\n\n\n\n<p>i Samlingshuset \u00d8ster Br\u00f8nderslev<\/p>\n\n\n\n<p><strong>onsdag den 9. april 2025 kl. 19.30<\/strong><\/p>\n\n\n\n<p>Dagsorden:<\/p>\n\n\n\n<p>1. Valg af dirigent<\/p>\n\n\n\n<p>2. Bestyrelsens beretning<\/p>\n\n\n\n<p>3. Det reviderede regnskab forel\u00e6gges til godkendelse budget for det\/de kommende \u00e5r forel\u00e6gges til godkendelse<\/p>\n\n\n\n<p>4. Behandling af indkomne forslag<\/p>\n\n\n\n<p>5. Valg af medlemmer og suppleanter til bestyrelsen<\/p>\n\n\n\n<p>6. Valg af revisor<\/p>\n\n\n\n<p>7. Eventuelt<\/p>\n\n\n\n<p>Indkomne forslag til&nbsp;formand@oeb-vandvaerk.dk senest 27 marts.<\/p>\n\n\n\n<p>Efter generalforsamlingen serveres snitter, \u00f8l og vand<\/p>\n","protected":false},"excerpt":{"rendered":"<p>\u00d8ster Br\u00f8nderslev Vandv\u00e6rk amba. afholder ordin\u00e6r generalforsamling i Samlingshuset \u00d8ster Br\u00f8nderslev onsdag den 9. april 2025 kl. 19.30 Dagsorden: 1. Valg af dirigent 2. Bestyrelsens beretning 3. Det reviderede regnskab forel\u00e6gges til godkendelse budget for det\/de kommende \u00e5r forel\u00e6gges til godkendelse 4. Behandling af indkomne forslag 5. Valg af medlemmer og suppleanter til bestyrelsen 6. [&hellip;]<\/p>\n","protected":false},"author":1,"featured_media":0,"comment_status":"open","ping_status":"open","sticky":false,"template":"","format":"standard","meta":{"footnotes":""},"categories":[3],"tags":[6],"table_tags":[],"class_list":["post-803","post","type-post","status-publish","format-standard","hentry","category-seneste-nyt","tag-generalforsamling"],"_links":{"self":[{"href":"https:\/\/oeb-vandvaerk.dk\/index.php\/wp-json\/wp\/v2\/posts\/803","targetHints":{"allow":["GET"]}}],"collection":[{"href":"https:\/\/oeb-vandvaerk.dk\/index.php\/wp-json\/wp\/v2\/posts"}],"about":[{"href":"https:\/\/oeb-vandvaerk.dk\/index.php\/wp-json\/wp\/v2\/types\/post"}],"author":[{"embeddable":true,"href":"https:\/\/oeb-vandvaerk.dk\/index.php\/wp-json\/wp\/v2\/users\/1"}],"replies":[{"embeddable":true,"href":"https:\/\/oeb-vandvaerk.dk\/index.php\/wp-json\/wp\/v2\/comments?post=803"}],"version-history":[{"count":0,"href":"https:\/\/oeb-vandvaerk.dk\/index.php\/wp-json\/wp\/v2\/posts\/803\/revisions"}],"wp:attachment":[{"href":"https:\/\/oeb-vandvaerk.dk\/index.php\/wp-json\/wp\/v2\/media?parent=803"}],"wp:term":[{"taxonomy":"category","embeddable":true,"href":"https:\/\/oeb-vandvaerk.dk\/index.php\/wp-json\/wp\/v2\/categories?post=803"},{"taxonomy":"post_tag","embeddable":true,"href":"https:\/\/oeb-vandvaerk.dk\/index.php\/wp-json\/wp\/v2\/tags?post=803"},{"taxonomy":"table_tags","embeddable":true,"href":"https:\/\/oeb-vandvaerk.dk\/index.php\/wp-json\/wp\/v2\/table_tags?post=803"}],"curies":[{"name":"wp","href":"https:\/\/api.w.org\/{rel}","templated":true}]}}